{"id":1539,"date":"2023-11-08T09:17:36","date_gmt":"2023-11-08T15:17:36","guid":{"rendered":"https:\/\/www.califoundation.org\/?p=1539"},"modified":"2024-01-12T09:43:08","modified_gmt":"2024-01-12T15:43:08","slug":"marea-verde","status":"publish","type":"post","link":"https:\/\/www.califoundation.org\/en\/marea-verde\/","title":{"rendered":"Marea Verde"},"content":{"rendered":"<figure class=\"wp-block-image size-large\"><img fetchpriority=\"high\" decoding=\"async\" width=\"1024\" height=\"832\" src=\"https:\/\/www.califoundation.org\/wp-content\/uploads\/2023\/11\/Marea-Verde-1-1024x832.jpeg\" alt=\"\" class=\"wp-image-1624\" srcset=\"https:\/\/www.califoundation.org\/wp-content\/uploads\/2023\/11\/Marea-Verde-1-1024x832.jpeg 1024w, https:\/\/www.califoundation.org\/wp-content\/uploads\/2023\/11\/Marea-Verde-1-300x244.jpeg 300w, https:\/\/www.califoundation.org\/wp-content\/uploads\/2023\/11\/Marea-Verde-1-768x624.jpeg 768w, https:\/\/www.califoundation.org\/wp-content\/uploads\/2023\/11\/Marea-Verde-1-1536x1248.jpeg 1536w, https:\/\/www.califoundation.org\/wp-content\/uploads\/2023\/11\/Marea-Verde-1-15x12.jpeg 15w, https:\/\/www.califoundation.org\/wp-content\/uploads\/2023\/11\/Marea-Verde-1.jpeg 1600w\" sizes=\"(max-width: 1024px) 100vw, 1024px\" \/><\/figure>\n\n\n\n<p>Mirei Endara de Heras, es CALI Fellow de la Clase Inaugural, originaria de Panam\u00e1. Ha dedicado su carrera a abordar los retos medioambientales, desde la creaci\u00f3n de Nature Conservancy en Panam\u00e1 hasta el cargo de primera Ministra de Medio Ambiente. <\/p>\n\n\n\n<p>Mirei fund\u00f3 Marea Verde en colaboraci\u00f3n con su comunidad para abordar el problema de los residuos pl\u00e1sticos, especialmente en los r\u00edos, una de las principales causas de la contaminaci\u00f3n por pl\u00e1sticos de los oc\u00e9anos. <\/p>\n\n\n\n<p>Su enfoque hol\u00edstico incluye acciones de defensa y reforma pol\u00edtica con el gobierno, la ONU y otros, as\u00ed como programas comunitarios para impulsar la educaci\u00f3n y el cambio de comportamiento. Por abordar la crisis mundial del pl\u00e1stico, fue galardonada con el Premio John P. McNulty en 2023 y su organizaci\u00f3n recibi\u00f3 150.000 d\u00f3lares.<\/p>\n\n\n\n<p><strong>Read more <\/strong><a href=\"https:\/\/www.mareaverdepanama.org\/nosotros\"><strong>https:\/\/www.mareaverdepanama.org\/nosotros<\/strong><\/a><strong>&nbsp;<\/strong><\/p>","protected":false},"excerpt":{"rendered":"<p>Mirei Endara de Heras, es CALI Fellow de la Clase Inaugural, originaria de Panam\u00e1. Ha dedicado su carrera a abordar los retos medioambientales, desde la creaci\u00f3n de Nature Conservancy en [&hellip;]<\/p>","protected":false},"author":1,"featured_media":1540,"comment_status":"closed","ping_status":"open","sticky":false,"template":"","format":"standard","meta":{"footnotes":""},"categories":[1],"tags":[],"class_list":["post-1539","post","type-post","status-publish","format-standard","has-post-thumbnail","hentry","category-uncategorized"],"yoast_head":"<!-- This site is optimized with the Yoast SEO plugin v27.2 - https:\/\/yoast.com\/product\/yoast-seo-wordpress\/ -->\n<title>Marea Verde - Fundaci&oacute;n Cali<\/title>\n<meta name=\"robots\" content=\"index, follow, max-snippet:-1, max-image-preview:large, max-video-preview:-1\" \/>\n<link rel=\"canonical\" href=\"https:\/\/www.califoundation.org\/en\/marea-verde\/\" \/>\n<meta property=\"og:locale\" content=\"en_US\" \/>\n<meta property=\"og:type\" content=\"article\" \/>\n<meta property=\"og:title\" content=\"Marea Verde - Fundaci&oacute;n Cali\" \/>\n<meta property=\"og:description\" content=\"Mirei Endara de Heras, es CALI Fellow de la Clase Inaugural, originaria de Panam\u00e1. Ha dedicado su carrera a abordar los retos medioambientales, desde la creaci\u00f3n de Nature Conservancy en [&hellip;]\" \/>\n<meta property=\"og:url\" content=\"https:\/\/www.califoundation.org\/en\/marea-verde\/\" \/>\n<meta property=\"og:site_name\" content=\"Fundaci&oacute;n Cali\" \/>\n<meta property=\"article:published_time\" content=\"2023-11-08T15:17:36+00:00\" \/>\n<meta property=\"article:modified_time\" content=\"2024-01-12T15:43:08+00:00\" \/>\n<meta property=\"og:image\" content=\"https:\/\/www.califoundation.org\/wp-content\/uploads\/2023\/11\/Marea-Verde.jpeg\" \/>\n\t<meta property=\"og:image:width\" content=\"1600\" \/>\n\t<meta property=\"og:image:height\" content=\"1300\" \/>\n\t<meta property=\"og:image:type\" content=\"image\/jpeg\" \/>\n<meta name=\"author\" content=\"admin\" \/>\n<meta name=\"twitter:card\" content=\"summary_large_image\" \/>\n<meta name=\"twitter:label1\" content=\"Written by\" \/>\n\t<meta name=\"twitter:data1\" content=\"admin\" \/>\n\t<meta name=\"twitter:label2\" content=\"Est. reading time\" \/>\n\t<meta name=\"twitter:data2\" content=\"1 minute\" \/>\n<script type=\"application\/ld+json\" class=\"yoast-schema-graph\">{\"@context\":\"https:\/\/schema.org\",\"@graph\":[{\"@type\":\"Article\",\"@id\":\"https:\/\/www.califoundation.org\/marea-verde\/#article\",\"isPartOf\":{\"@id\":\"https:\/\/www.califoundation.org\/marea-verde\/\"},\"author\":{\"name\":\"admin\",\"@id\":\"https:\/\/www.califoundation.org\/#\/schema\/person\/d8e85a9ecc61f6e4c11ff990eff25552\"},\"headline\":\"Marea Verde\",\"datePublished\":\"2023-11-08T15:17:36+00:00\",\"dateModified\":\"2024-01-12T15:43:08+00:00\",\"mainEntityOfPage\":{\"@id\":\"https:\/\/www.califoundation.org\/marea-verde\/\"},\"wordCount\":149,\"publisher\":{\"@id\":\"https:\/\/www.califoundation.org\/#organization\"},\"image\":{\"@id\":\"https:\/\/www.califoundation.org\/marea-verde\/#primaryimage\"},\"thumbnailUrl\":\"https:\/\/www.califoundation.org\/wp-content\/uploads\/2023\/11\/Marea-Verde.jpeg\",\"inLanguage\":\"en-US\"},{\"@type\":\"WebPage\",\"@id\":\"https:\/\/www.califoundation.org\/marea-verde\/\",\"url\":\"https:\/\/www.califoundation.org\/marea-verde\/\",\"name\":\"Marea Verde - Fundaci&oacute;n Cali\",\"isPartOf\":{\"@id\":\"https:\/\/www.califoundation.org\/#website\"},\"primaryImageOfPage\":{\"@id\":\"https:\/\/www.califoundation.org\/marea-verde\/#primaryimage\"},\"image\":{\"@id\":\"https:\/\/www.califoundation.org\/marea-verde\/#primaryimage\"},\"thumbnailUrl\":\"https:\/\/www.califoundation.org\/wp-content\/uploads\/2023\/11\/Marea-Verde.jpeg\",\"datePublished\":\"2023-11-08T15:17:36+00:00\",\"dateModified\":\"2024-01-12T15:43:08+00:00\",\"breadcrumb\":{\"@id\":\"https:\/\/www.califoundation.org\/marea-verde\/#breadcrumb\"},\"inLanguage\":\"en-US\",\"potentialAction\":[{\"@type\":\"ReadAction\",\"target\":[\"https:\/\/www.califoundation.org\/marea-verde\/\"]}]},{\"@type\":\"ImageObject\",\"inLanguage\":\"en-US\",\"@id\":\"https:\/\/www.califoundation.org\/marea-verde\/#primaryimage\",\"url\":\"https:\/\/www.califoundation.org\/wp-content\/uploads\/2023\/11\/Marea-Verde.jpeg\",\"contentUrl\":\"https:\/\/www.califoundation.org\/wp-content\/uploads\/2023\/11\/Marea-Verde.jpeg\",\"width\":1600,\"height\":1300,\"caption\":\"DCIM102MEDIADJI_0010.JPG\"},{\"@type\":\"BreadcrumbList\",\"@id\":\"https:\/\/www.califoundation.org\/marea-verde\/#breadcrumb\",\"itemListElement\":[{\"@type\":\"ListItem\",\"position\":1,\"name\":\"Portada\",\"item\":\"https:\/\/www.califoundation.org\/\"},{\"@type\":\"ListItem\",\"position\":2,\"name\":\"Marea Verde\"}]},{\"@type\":\"WebSite\",\"@id\":\"https:\/\/www.califoundation.org\/#website\",\"url\":\"https:\/\/www.califoundation.org\/\",\"name\":\"Fundaci&oacute;n Cali\",\"description\":\"CALI\",\"publisher\":{\"@id\":\"https:\/\/www.califoundation.org\/#organization\"},\"potentialAction\":[{\"@type\":\"SearchAction\",\"target\":{\"@type\":\"EntryPoint\",\"urlTemplate\":\"https:\/\/www.califoundation.org\/?s={search_term_string}\"},\"query-input\":{\"@type\":\"PropertyValueSpecification\",\"valueRequired\":true,\"valueName\":\"search_term_string\"}}],\"inLanguage\":\"en-US\"},{\"@type\":\"Organization\",\"@id\":\"https:\/\/www.califoundation.org\/#organization\",\"name\":\"Fundaci&oacute;n Cali\",\"url\":\"https:\/\/www.califoundation.org\/\",\"logo\":{\"@type\":\"ImageObject\",\"inLanguage\":\"en-US\",\"@id\":\"https:\/\/www.califoundation.org\/#\/schema\/logo\/image\/\",\"url\":\"https:\/\/www.califoundation.org\/wp-content\/uploads\/2022\/06\/LogoCali_CMYK-03.png\",\"contentUrl\":\"https:\/\/www.califoundation.org\/wp-content\/uploads\/2022\/06\/LogoCali_CMYK-03.png\",\"width\":2560,\"height\":1302,\"caption\":\"Fundaci&oacute;n Cali\"},\"image\":{\"@id\":\"https:\/\/www.califoundation.org\/#\/schema\/logo\/image\/\"}},{\"@type\":\"Person\",\"@id\":\"https:\/\/www.califoundation.org\/#\/schema\/person\/d8e85a9ecc61f6e4c11ff990eff25552\",\"name\":\"admin\",\"image\":{\"@type\":\"ImageObject\",\"inLanguage\":\"en-US\",\"@id\":\"https:\/\/secure.gravatar.com\/avatar\/00682101c4afd22956eb67d573787af8ea6e6e7b219fe85fac467086eec17f7c?s=96&d=mm&r=g\",\"url\":\"https:\/\/secure.gravatar.com\/avatar\/00682101c4afd22956eb67d573787af8ea6e6e7b219fe85fac467086eec17f7c?s=96&d=mm&r=g\",\"contentUrl\":\"https:\/\/secure.gravatar.com\/avatar\/00682101c4afd22956eb67d573787af8ea6e6e7b219fe85fac467086eec17f7c?s=96&d=mm&r=g\",\"caption\":\"admin\"},\"sameAs\":[\"http:\/\/www.califoundation.org\/\"],\"url\":\"https:\/\/www.califoundation.org\/en\/author\/admin\/\"}]}<\/script>\n<!-- \/ Yoast SEO plugin. -->","yoast_head_json":{"title":"Marea Verde - Fundaci&oacute;n Cali","robots":{"index":"index","follow":"follow","max-snippet":"max-snippet:-1","max-image-preview":"max-image-preview:large","max-video-preview":"max-video-preview:-1"},"canonical":"https:\/\/www.califoundation.org\/en\/marea-verde\/","og_locale":"en_US","og_type":"article","og_title":"Marea Verde - Fundaci&oacute;n Cali","og_description":"Mirei Endara de Heras, es CALI Fellow de la Clase Inaugural, originaria de Panam\u00e1. Ha dedicado su carrera a abordar los retos medioambientales, desde la creaci\u00f3n de Nature Conservancy en [&hellip;]","og_url":"https:\/\/www.califoundation.org\/en\/marea-verde\/","og_site_name":"Fundaci&oacute;n Cali","article_published_time":"2023-11-08T15:17:36+00:00","article_modified_time":"2024-01-12T15:43:08+00:00","og_image":[{"width":1600,"height":1300,"url":"https:\/\/www.califoundation.org\/wp-content\/uploads\/2023\/11\/Marea-Verde.jpeg","type":"image\/jpeg"}],"author":"admin","twitter_card":"summary_large_image","twitter_misc":{"Written by":"admin","Est. reading time":"1 minute"},"schema":{"@context":"https:\/\/schema.org","@graph":[{"@type":"Article","@id":"https:\/\/www.califoundation.org\/marea-verde\/#article","isPartOf":{"@id":"https:\/\/www.califoundation.org\/marea-verde\/"},"author":{"name":"admin","@id":"https:\/\/www.califoundation.org\/#\/schema\/person\/d8e85a9ecc61f6e4c11ff990eff25552"},"headline":"Marea Verde","datePublished":"2023-11-08T15:17:36+00:00","dateModified":"2024-01-12T15:43:08+00:00","mainEntityOfPage":{"@id":"https:\/\/www.califoundation.org\/marea-verde\/"},"wordCount":149,"publisher":{"@id":"https:\/\/www.califoundation.org\/#organization"},"image":{"@id":"https:\/\/www.califoundation.org\/marea-verde\/#primaryimage"},"thumbnailUrl":"https:\/\/www.califoundation.org\/wp-content\/uploads\/2023\/11\/Marea-Verde.jpeg","inLanguage":"en-US"},{"@type":"WebPage","@id":"https:\/\/www.califoundation.org\/marea-verde\/","url":"https:\/\/www.califoundation.org\/marea-verde\/","name":"Marea Verde - Fundaci&oacute;n Cali","isPartOf":{"@id":"https:\/\/www.califoundation.org\/#website"},"primaryImageOfPage":{"@id":"https:\/\/www.califoundation.org\/marea-verde\/#primaryimage"},"image":{"@id":"https:\/\/www.califoundation.org\/marea-verde\/#primaryimage"},"thumbnailUrl":"https:\/\/www.califoundation.org\/wp-content\/uploads\/2023\/11\/Marea-Verde.jpeg","datePublished":"2023-11-08T15:17:36+00:00","dateModified":"2024-01-12T15:43:08+00:00","breadcrumb":{"@id":"https:\/\/www.califoundation.org\/marea-verde\/#breadcrumb"},"inLanguage":"en-US","potentialAction":[{"@type":"ReadAction","target":["https:\/\/www.califoundation.org\/marea-verde\/"]}]},{"@type":"ImageObject","inLanguage":"en-US","@id":"https:\/\/www.califoundation.org\/marea-verde\/#primaryimage","url":"https:\/\/www.califoundation.org\/wp-content\/uploads\/2023\/11\/Marea-Verde.jpeg","contentUrl":"https:\/\/www.califoundation.org\/wp-content\/uploads\/2023\/11\/Marea-Verde.jpeg","width":1600,"height":1300,"caption":"DCIM102MEDIADJI_0010.JPG"},{"@type":"BreadcrumbList","@id":"https:\/\/www.califoundation.org\/marea-verde\/#breadcrumb","itemListElement":[{"@type":"ListItem","position":1,"name":"Portada","item":"https:\/\/www.califoundation.org\/"},{"@type":"ListItem","position":2,"name":"Marea Verde"}]},{"@type":"WebSite","@id":"https:\/\/www.califoundation.org\/#website","url":"https:\/\/www.califoundation.org\/","name":"Fundaci&oacute;n Cali","description":"CALI provides Fellows with a space to identify and question the scope of their actions or undertakings and how they affect the community. During the program, the participants experience an important and lasting transformative process in the way of directing and channeling their goals.\n\nOne of CALI's principles is to move these leaders under the motto 'From success to significance', encouraging them to take action on some of the most important challenges in the world or in their communities.\n\nWith a presence throughout Central America, CALI graduates stand out in their areas for their ability to influence and transform them.","publisher":{"@id":"https:\/\/www.califoundation.org\/#organization"},"potentialAction":[{"@type":"SearchAction","target":{"@type":"EntryPoint","urlTemplate":"https:\/\/www.califoundation.org\/?s={search_term_string}"},"query-input":{"@type":"PropertyValueSpecification","valueRequired":true,"valueName":"search_term_string"}}],"inLanguage":"en-US"},{"@type":"Organization","@id":"https:\/\/www.califoundation.org\/#organization","name":"Fundaci&oacute;n Cali","url":"https:\/\/www.califoundation.org\/","logo":{"@type":"ImageObject","inLanguage":"en-US","@id":"https:\/\/www.califoundation.org\/#\/schema\/logo\/image\/","url":"https:\/\/www.califoundation.org\/wp-content\/uploads\/2022\/06\/LogoCali_CMYK-03.png","contentUrl":"https:\/\/www.califoundation.org\/wp-content\/uploads\/2022\/06\/LogoCali_CMYK-03.png","width":2560,"height":1302,"caption":"Fundaci&oacute;n Cali"},"image":{"@id":"https:\/\/www.califoundation.org\/#\/schema\/logo\/image\/"}},{"@type":"Person","@id":"https:\/\/www.califoundation.org\/#\/schema\/person\/d8e85a9ecc61f6e4c11ff990eff25552","name":"admin","image":{"@type":"ImageObject","inLanguage":"en-US","@id":"https:\/\/secure.gravatar.com\/avatar\/00682101c4afd22956eb67d573787af8ea6e6e7b219fe85fac467086eec17f7c?s=96&d=mm&r=g","url":"https:\/\/secure.gravatar.com\/avatar\/00682101c4afd22956eb67d573787af8ea6e6e7b219fe85fac467086eec17f7c?s=96&d=mm&r=g","contentUrl":"https:\/\/secure.gravatar.com\/avatar\/00682101c4afd22956eb67d573787af8ea6e6e7b219fe85fac467086eec17f7c?s=96&d=mm&r=g","caption":"admin"},"sameAs":["http:\/\/www.califoundation.org\/"],"url":"https:\/\/www.califoundation.org\/en\/author\/admin\/"}]}},"_links":{"self":[{"href":"https:\/\/www.califoundation.org\/en\/wp-json\/wp\/v2\/posts\/1539","targetHints":{"allow":["GET"]}}],"collection":[{"href":"https:\/\/www.califoundation.org\/en\/wp-json\/wp\/v2\/posts"}],"about":[{"href":"https:\/\/www.califoundation.org\/en\/wp-json\/wp\/v2\/types\/post"}],"author":[{"embeddable":true,"href":"https:\/\/www.califoundation.org\/en\/wp-json\/wp\/v2\/users\/1"}],"replies":[{"embeddable":true,"href":"https:\/\/www.califoundation.org\/en\/wp-json\/wp\/v2\/comments?post=1539"}],"version-history":[{"count":3,"href":"https:\/\/www.califoundation.org\/en\/wp-json\/wp\/v2\/posts\/1539\/revisions"}],"predecessor-version":[{"id":1626,"href":"https:\/\/www.califoundation.org\/en\/wp-json\/wp\/v2\/posts\/1539\/revisions\/1626"}],"wp:featuredmedia":[{"embeddable":true,"href":"https:\/\/www.califoundation.org\/en\/wp-json\/wp\/v2\/media\/1540"}],"wp:attachment":[{"href":"https:\/\/www.califoundation.org\/en\/wp-json\/wp\/v2\/media?parent=1539"}],"wp:term":[{"taxonomy":"category","embeddable":true,"href":"https:\/\/www.califoundation.org\/en\/wp-json\/wp\/v2\/categories?post=1539"},{"taxonomy":"post_tag","embeddable":true,"href":"https:\/\/www.califoundation.org\/en\/wp-json\/wp\/v2\/tags?post=1539"}],"curies":[{"name":"wp","href":"https:\/\/api.w.org\/{rel}","templated":true}]}}